{"id":12067,"date":"2023-03-31T16:25:25","date_gmt":"2023-03-31T16:25:25","guid":{"rendered":"https:\/\/aishwaryacottons.com\/?p=12067"},"modified":"2023-03-31T16:25:25","modified_gmt":"2023-03-31T16:25:25","slug":"hogyan-halad-elore-a-demencia-az-ido-mulasaval","status":"publish","type":"post","link":"https:\/\/aishwaryacottons.com\/index.php\/2023\/03\/31\/hogyan-halad-elore-a-demencia-az-ido-mulasaval\/","title":{"rendered":"Hogyan halad el\u0151re a demencia az id\u0151 m\u00fal\u00e1s\u00e1val?"},"content":{"rendered":"<h1> Hogyan halad el\u0151re a demencia az id\u0151 m\u00fal\u00e1s\u00e1val? <\/h1>\n<p> A demencia egy \u00e1ltal\u00e1nos kifejez\u00e9s, amely k\u00fcl\u00f6nf\u00e9le betegs\u00e9gekre vagy betegs\u00e9g\u00e1llapotokra utalhat. A t\u00fcnetek tartom\u00e1nya mag\u00e1ban foglalja a k\u00e1rosodott gondolkod\u00e1st, a mem\u00f3ri\u00e1t \u00e9s a kommunik\u00e1ci\u00f3t. <\/p>\n<p> A demencia diagnosztiz\u00e1l\u00e1s\u00e1hoz a funkci\u00f3 cs\u00f6kken\u00e9s\u00e9nek befoly\u00e1solnia kell az ember k\u00e9pess\u00e9g\u00e9t a mindennapi tev\u00e9kenys\u00e9gek elv\u00e9gz\u00e9s\u00e9re. <\/p>\n<p> A 2000 \u00e9s 2012 -es adatokat vizsg\u00e1l\u00f3 kutat\u00f3k azt mutatt\u00e1k, hogy az Egyes\u00fclt \u00c1llamokban a 65 \u00e9ves vagy ann\u00e1l id\u0151sebb emberek kb. 8,8 % -a volt egyfajta demencia. <\/p>\n<p> Ebben a cikkben t\u00f6bbf\u00e9le demenci\u00e1t vizsg\u00e1lunk \u00e9s hogyan v\u00e1ltoznak a felt\u00e9tel el\u0151rehaladt\u00e1val. <\/p>\n<p> A demencia t\u00fcnetei az id\u0151 m\u00fal\u00e1s\u00e1val rosszabbodnak. <\/p>\n<p> A progresszi\u00f3 sebess\u00e9ge az emberek k\u00f6z\u00f6tt v\u00e1ltozik. A genetika, az \u00e9letkor \u00e9s az \u00e1ltal\u00e1nos eg\u00e9szs\u00e9g, valamint a demencia m\u00f6g\u00f6ttes oka szerepet j\u00e1tszhat a betegs\u00e9g el\u0151rehalad\u00e1s\u00e1ban. A <\/p>\n<p> demenci\u00e1nak k\u00fcl\u00f6nf\u00e9le szakaszai vannak, amelyek k\u00fcl\u00f6nb\u00f6z\u0151 m\u00f3don alak\u00edtj\u00e1k a kezel\u00e9st \u00e9s az eg\u00e9szs\u00e9gre gyakorolt hat\u00e1st. Meg kell jegyezni, hogy a tud\u00f3sok k\u00fcl\u00f6nf\u00e9le demencia -t\u00edpusokhoz, ide\u00e9rtve az Alzheimer -k\u00f3rban bek\u00f6vetkezett demenci\u00e1t is, k\u00fcl\u00f6nf\u00e9le sz\u00ednpadi rendszereket dolgoztak ki. <\/p>\n<p> Nincs t\u00f6k\u00e9letes \u00e1tmeneti rendszer, \u00e9s a szakaszok gyakran \u00e1tfed\u00e9sben vannak. A t\u00fcnetek bizonyos szakaszokban jelentkezhetnek, majd megold\u00f3dhatnak, m\u00edg m\u00e1s eg\u00e9szs\u00e9g\u00fcgyi hat\u00e1sok fokozatosan rosszabbodnak. <\/p>\n<h3> Korai t\u00fcnetek <\/h3>\n<p> A demencia gyakran, de nem mindig, a gondolkod\u00e1si k\u00e9pess\u00e9g enyhe cs\u00f6kken\u00e9s\u00e9vel kezd\u0151dik. P\u00e9ld\u00e1ul egy szem\u00e9ly elfelejthet egy nemr\u00e9giben folytatott besz\u00e9lget\u00e9st vagy egy ismer\u0151s t\u00e1rgy nev\u00e9t. <\/p>\n<p> Ne feledje, hogy mindenkinek van olyan pillanata, amikor valami elakad a nyelv v\u00e9g\u00e9re. <\/p>\n<p> A demencia t\u00falmutat ezen. Az ilyen pillanatok megn\u00f6vekedett gyakoris\u00e1ggal fordulnak el\u0151, b\u00e1r ezek kezdetben nem cs\u00f6kkenthetik az \u00e9letmin\u0151s\u00e9get vagy az ember k\u00e9pess\u00e9g\u00e9t, hogy napi szinten m\u0171k\u00f6djenek. <\/p>\n<p> A korai t\u00fcnetek tartalmazhatnak bizonyos feladatok elv\u00e9gz\u00e9s\u00e9nek cs\u00f6kkent k\u00e9pess\u00e9g\u00e9t, p\u00e9ld\u00e1ul sz\u00e1ml\u00e1k fizet\u00e9s\u00e9t vagy recept k\u00f6vet\u00e9s\u00e9t. A demenci\u00e1ban szenved\u0151 szem\u00e9lyhez k\u00f6zeli emberek szint\u00e9n \u00e9szrevehetnek a szem\u00e9lyis\u00e9g finom v\u00e1ltoz\u00e1sait. <\/p>\n<p> Ebben a szakaszban a demenci\u00e1ban szenved\u0151 szem\u00e9ly felismerheti, hogy valami nem megfelel\u0151, de d\u00f6nthet \u00fagy, hogy elrejti a t\u00fcneteit. <\/p>\n<p> A demencia bizonyos t\u00edpusai befoly\u00e1solhatj\u00e1k a nyelvet, m\u00edg m\u00e1sok befoly\u00e1solhatj\u00e1k a mem\u00f3ri\u00e1t vagy a mozg\u00e1st. A legk\u00f6nnyebb megk\u00fcl\u00f6nb\u00f6ztetni a t\u00edpusokat a korai szakaszukban. <\/p>\n<h3> M\u00e9rs\u00e9kelt demencia t\u00fcnetek <\/h3>\n<p> A demencia el\u0151rehaladt\u00e1val a t\u00fcneteket nehezebb elrejteni. T\u00f6bb \u00e9szrevehet\u0151bb t\u00fcnetek alakulhatnak ki. Sz\u00fcks\u00e9g lehet az \u00f6nell\u00e1t\u00e1s vagy a mindennapi tev\u00e9kenys\u00e9gek seg\u00edts\u00e9g\u00e9re. <\/p>\n<p> A szem\u00e9lyis\u00e9gv\u00e1ltoz\u00e1sok \u00e9szrevehet\u0151bb\u00e9 v\u00e1lhatnak. A szem\u00e9ly paranoi\u00e1t, zavart vagy f\u00e9lelmet tapasztalhat, \u00e9s a mem\u00f3riaveszt\u00e9s n\u00f6vekedhet. <\/p>\n<p> A m\u00e9rs\u00e9kelt demenci\u00e1ban szenved\u0151 emberek \u00e1ltal\u00e1ban elfelejtik c\u00edm\u00fcket vagy m\u00e1s szem\u00e9lyes adataikat, ide\u00e9rtve a telefonsz\u00e1mukat is. <\/p>\n<p> Az alv\u00e1smint\u00e1k \u00e9s a hangulatok is v\u00e1ltozhatnak. <\/p>\n<h3> K\u00e9s\u0151fokozat\u00fa vagy s\u00falyos demencia t\u00fcnetek <\/h3>\n<p> Fokozatosan a demencia el\u0151rehaladhat \u00e9s s\u00falyos lehet. Ebben a szakaszban ez gyakran jelent\u0151sen rontja az ember mem\u00f3ri\u00e1j\u00e1t. A s\u00falyos demenci\u00e1ban szenved\u0151 szem\u00e9ly nem ismeri el a csal\u00e1dtagokat. <\/p>\n<p> A k\u00e9s\u0151i st\u00e1dium\u00fa demencia t\u00fcnetei magukban foglalhatj\u00e1k a kommunik\u00e1ci\u00f3, a s\u00e9ta \u00e9s a kontroll b\u00e9l- \u00e9s h\u00f3lyag funkci\u00f3 k\u00e9ptelens\u00e9g\u00e9t. <\/p>\n<p> A s\u00falyos demencia izom merevs\u00e9get \u00e9s rendellenes reflexeket is okozhat. Az embernek \u00e1ltal\u00e1ban teljes munkaid\u0151s szem\u00e9lyes gondoz\u00e1sra van sz\u00fcks\u00e9ge az \u00e9tkez\u00e9shez, a f\u00fcrd\u00e9shez \u00e9s az \u00f6lt\u00f6zk\u00f6d\u00e9shez. <\/p>\n<p> A s\u00falyos demenci\u00e1ban szenved\u0151 emberek \u00e9rz\u00e9kenyek a fert\u0151z\u00e9sekre, bele\u00e9rtve a t\u00fcd\u0151gyullad\u00e1st, \u00e9s nem tudnak \u00e1gyban mozogni. Ebben az esetben az \u00e1gyasok kock\u00e1zatot jelentenek. <\/p>\n<p> A demencia szakasz\u00e1nak ismerete seg\u00edthet egy szem\u00e9lynek a tervez\u00e9s\u00e9ben, de a demenci\u00e1ban szenved\u0151 mindenkinek egyedi tapasztalata van. Fontos, hogy a sz\u00fcks\u00e9ges \u00e9letm\u00f3d -adapt\u00e1ci\u00f3kat v\u00e9gezz\u00fck, mik\u00f6zben rugalmasak maradnak a kiel\u00e9g\u00edt\u0151 ig\u00e9nyek fejl\u0151d\u00e9s\u00e9vel. <\/p>\n<h2> Kezel\u00e9si lehet\u0151s\u00e9gek az id\u0151 m\u00fal\u00e1s\u00e1val <\/h2>\n<p> Jelenleg nem \u00e1ll rendelkez\u00e9sre gy\u00f3gym\u00f3d demenci\u00e1ra. A kezel\u00e9sek azonban hozz\u00e1j\u00e1rulhatnak a t\u00fcnetek cs\u00f6kkent\u00e9s\u00e9hez \u00e9s a viselked\u00e9si v\u00e1ltoz\u00e1sok kezel\u00e9s\u00e9hez. <\/p>\n<p> A megfelel\u0151 kezel\u00e9s id\u0151vel megv\u00e1ltozhat. Az orvos a betegs\u00e9g el\u0151rehaladt\u00e1val a gy\u00f3gyszeres kezel\u00e9s k\u00fcl\u00f6nb\u00f6z\u0151 oszt\u00e1lyoz\u00e1sait \u00edrhatja el\u0151. <\/p>\n<p> A gy\u00f3gyszerek cs\u00f6kkenthetik a t\u00fcneteket az\u00e1ltal, hogy be\u00e1ll\u00edtj\u00e1k az agysejtekbe \u00fczeneteket hordoz\u00f3 vegyi anyagokat. <\/p>\n<p> Ezeket a gy\u00f3gyszereket kolin\u00e9szter\u00e1z inhibitoroknak nevezz\u00fck. Az orvosok gyakran \u00edrj\u00e1k fel \u0151ket enyhe vagy k\u00f6zepes t\u00fcnetekkel k\u00fczd\u0151 emberek sz\u00e1m\u00e1ra. A kolin\u00e9szter\u00e1z -g\u00e1tl\u00f3k kezelik a zavart, a kommunik\u00e1ci\u00f3val \u00e9s a mem\u00f3ri\u00e1val kapcsolatos t\u00fcneteket. <\/p>\n<p> M\u00e9rs\u00e9kelt vagy s\u00falyos demenci\u00e1ban szenved\u0151 emberekn\u00e9l a kezel\u00e9s mag\u00e1ban foglalhatja a memantint is. A Memantine olyan gy\u00f3gyszer, amely el\u0151seg\u00edtheti a nyelv, a gondolkod\u00e1s \u00e9s a mem\u00f3riafunkci\u00f3k jav\u00edt\u00e1s\u00e1t. <\/p>\n<p> A memantin a glutam\u00e1t, az agyban l\u00e9v\u0151 vegyi anyag szab\u00e1lyoz\u00e1s\u00e1val m\u0171k\u00f6dik, amely t\u00e1mogatja a mem\u00f3ri\u00e1t \u00e9s a tanul\u00e1st. A memantin n\u00e9h\u00e1ny embern\u00e9l \u00e1tmenetileg k\u00e9sleltetheti a demencia t\u00fcnetek progresszi\u00f3j\u00e1t. <\/p>\n<p> A kezel\u00e9si lehet\u0151s\u00e9gek olyan gy\u00f3gyszereket is magukban foglalhatnak, amelyek cs\u00f6kkentik a viselked\u00e9si \u00e9s pszichol\u00f3giai v\u00e1ltoz\u00e1sokat, p\u00e9ld\u00e1ul a szorong\u00e1st \u00e9s az alv\u00e1si probl\u00e9m\u00e1kat. <\/p>\n<p> A k\u00e9s\u0151bbi szakaszokban az orvosok bizonyos gy\u00f3gyszereket javasolhatnak specifikus t\u00fcnetek, p\u00e9ld\u00e1ul f\u00e9lelem, nyugtalans\u00e1g \u00e9s hallucin\u00e1ci\u00f3k kezel\u00e9s\u00e9re. <\/p>\n<p> A demencia el\u0151rehaladt\u00e1val a kezel\u00e9s az \u00e9letmin\u0151s\u00e9g jav\u00edt\u00e1s\u00e1ra is \u00f6sszpontos\u00edthat. P\u00e9ld\u00e1ul a foglalkoz\u00e1si ter\u00e1pia seg\u00edthet a demenci\u00e1ban szenved\u0151 embereknek az adapt\u00edv berendez\u00e9sek haszn\u00e1lat\u00e1nak vagy a finom motoros k\u00e9szs\u00e9gek fejleszt\u00e9s\u00e9nek tan\u00edt\u00e1s\u00e1ban. <\/p>\n<h2> A demencia t\u00edpusai <\/h2>\n<p> A demenci\u00e1nak sz\u00e1mos oka van, \u00e9s a k\u00fcl\u00f6nf\u00e9le demencia t\u00edpusai elt\u00e9r\u0151 v\u00e1ltoz\u00e1sokat okoznak az agyban. Minden t\u00edpus m\u00e1s m\u00f3don is halad. <\/p>\n<p> A demencia \u00e1ltal\u00e1nos t\u00edpusai k\u00f6z\u00f6tt szerepel az Alzheimer -k\u00f3r, az \u00e9rrendszeri demencia, a demencia a Lewy testekkel \u00e9s a vegyes demencia. <\/p>\n<h3> Alzheimer -k\u00f3r <\/h3>\n<p> A demencia leggyakoribb oka az Alzheimer -k\u00f3r. Az Alzheimer -sz\u00f6vets\u00e9g szerint a betegs\u00e9g a demencia esetek 60\u201380 % -\u00e1\u00e9rt felel\u0151s. <\/p>\n<p> Az Alzheimer-okok okai nem teljesen egy\u00e9rtelm\u0171ek, \u00e1m az eg\u00e9szs\u00e9g\u00fcgyi szakemberek egy b\u00e9ta-amiloidnak nevezett feh\u00e9rje csom\u00f3pontjait tal\u00e1lj\u00e1k a betegs\u00e9gben szenved\u0151 emberek agy\u00e1ban. <\/p>\n<p> Az Alzheimer -ek gyakran fokozatosan fejl\u0151dnek, \u00e9s lehet, hogy a leglassabb a halad\u00e1shoz. <\/p>\n<h3> \u00e9rrendszeri demencia <\/h3>\n<p> vaszkul\u00e1ris demencia akkor fordulhat el\u0151, amikor az agy v\u00e9rkering\u00e9se egy stroke vagy m\u00e1s probl\u00e9ma eredm\u00e9nyek\u00e9nt cs\u00f6kken, az agyi erek k\u00e1ros\u00edt\u00e1s\u00e1val. <\/p>\n<p> Ez a t\u00edpus neh\u00e9zs\u00e9geket okoz a tervez\u00e9sben \u00e9s a d\u00f6nt\u00e9sek meghozatal\u00e1ban, a lass\u00fa vagy lass\u00fa gondolkod\u00e1s, valamint a koncentr\u00e1l\u00e1s probl\u00e9m\u00e1i, r\u00f6vid zavart epiz\u00f3dokkal. <\/p>\n<p> A vaszkul\u00e1ris demenci\u00e1nak k\u00e9t alt\u00edpusa van, \u00e9s k\u00fcl\u00f6nb\u00f6z\u0151 m\u00f3don haladnak el\u0151re. <\/p>\n<p> A szubkortik\u00e1lis demencia az Alzheimer-hez hasonl\u00f3 \u00fctemben halad el\u0151re, m\u00edg a stroke-hoz kapcsol\u00f3d\u00f3 demencia hirtelen fejl\u0151dik. A t\u00fcnetek k\u00f6vetkezetesek, majd gyorsan s\u00falyosabb\u00e1 v\u00e1lnak, miel\u0151tt \u00fajra stabilak lesznek. <\/p>\n<h3> demencia a Lewy testekkel <\/h3>\n<p> Lewy testek olyan feh\u00e9rje lerak\u00f3d\u00e1sai, amelyek az agyban kialakulnak, ide\u00e9rtve az agyk\u00e9regben is, amely fel\u00fcgyeli a nyelvet \u00e9s a gondolkod\u00e1st. Id\u0151vel k\u00e1ros\u00edtj\u00e1k \u00e9s meg\u00f6lik az idegeket az agyban. <\/p>\n<p> A demencia korai szakasz\u00e1ban, a Lewy testekkel, \u00e9bers\u00e9g \u00e9s figyelmess\u00e9g, napi vagy ak\u00e1r ugyanazon a napon is vadul v\u00e1ltozhat. <\/p>\n<p> Az ilyen t\u00edpus\u00fa demenci\u00e1ban szenved\u0151 emberek hallucin\u00e1l\u00f3dhatnak, \u00e9s ennek eredm\u00e9nyek\u00e9nt gyakran \u00fcld\u00f6znek. <\/p>\n<p> A t\u00fcnetek az ilyen t\u00edpus\u00fa demencia el\u0151rehaladt\u00e1val hasonl\u00edthatnak az Alzheimer -ekhez, a mem\u00f3riaveszt\u00e9s, a kiab\u00e1l\u00e1s \u00e9s a konfront\u00e1ci\u00f3s viselked\u00e9s epiz\u00f3djaival. Ezek a t\u00fcnetek k\u00fcl\u00f6n\u00f6sen kih\u00edv\u00e1st jelenthetnek a gondoz\u00f3k sz\u00e1m\u00e1ra. <\/p>\n<h3> vegyes demencia <\/h3>\n<p> A vegyes demencia egyn\u00e9l t\u00f6bb okot jelent. P\u00e9ld\u00e1ul k\u00e1rosodhatnak az erek \u00e9s a k\u00e1ros feh\u00e9rje k\u00e1ros lerak\u00f3d\u00e1sai az agyban. <\/p>\n<p> A t\u00edpusok \u00e9s a szakaszok \u00e1tfed\u00e9se megnehez\u00edtheti a t\u00fcnetek jelenlegi \u00e9s fejl\u0151d\u00e9s\u00e9nek megj\u00f3sol\u00e1s\u00e1t. A <\/p>\n<p> demenci\u00e1nak bonyolult, sokr\u00e9t\u0171 t\u00fcnetekkel rendelkezik, \u00e9s a gondoz\u00f3knak a reakt\u00edv t\u00e1mogat\u00f3 h\u00e1l\u00f3zat biztos\u00edt\u00e1s\u00e1ra kell \u00f6sszpontos\u00edtaniuk. <\/p>\n<h2> Diagn\u00f3zis \u00e9s kimenetel <\/h2>\n<p> Egyetlen teszt sem tudja meghat\u00e1rozni, hogy van -e egy embernek demenci\u00e1ja. <\/p>\n<p> A tesztek \u00e9rt\u00e9kelik: <\/p>\n<ul>\n<li> Gondolkod\u00e1si k\u00e9pess\u00e9g <\/li>\n<li> Neurol\u00f3giai funkci\u00f3 <\/li>\n<li> \u00e9rvel\u00e9s <\/li>\n<li> Nyelv <\/li>\n<li> nyelv <\/li>\n<li> nyelv <\/li>\n<li> nyelv <\/li>\n<li> nyelv <\/li>\n<li> nyelv <\/li>\n<li> mem\u00f3ria <\/li>\n<li> Mozg\u00e1s \u00e9s egyens\u00faly <\/li>\n<li> Vizu\u00e1lis \u00e9szlel\u00e9s <\/li>\n<\/ul>\n<p> A k\u00f3rt\u00f6rt\u00e9net \u00e9s a v\u00e9rvizsg\u00e1lat seg\u00edthet kiz\u00e1rni a lehets\u00e9ges okok m\u00e1s lehets\u00e9ges okait Dementia t\u00fcnetek. A <\/p>\n<p> k\u00e9palkot\u00f3 vizsg\u00e1latok, p\u00e9ld\u00e1ul a CT vagy PET -vizsg\u00e1lat, azonos\u00edthatj\u00e1k az agyban l\u00e9v\u0151 specifikus feh\u00e9rje lerak\u00f3d\u00e1sokat vagy a megszakadt v\u00e9rell\u00e1t\u00e1st. <\/p>\n<p> A demencia sk\u00e1l\u00e1k seg\u00edthetnek meghat\u00e1rozni, hogy van -e demencia, \u00e9s mennyire haladt el\u0151re. A glob\u00e1lis roml\u00e1si sk\u00e1la hasznos lehet az \u00e1ltal\u00e1nos demencia s\u00falyoss\u00e1g\u00e1nak meghat\u00e1roz\u00e1s\u00e1ban. <\/p>\n<p> Az orvosok sk\u00e1l\u00e1kat haszn\u00e1lnak a demencia szakaszok felm\u00e9r\u00e9s\u00e9re. A tesztek m\u00e9rik a t\u00fcnetek s\u00falyoss\u00e1g\u00e1t \u00e9s a napi funkci\u00f3k elv\u00e9gz\u00e9s\u00e9nek k\u00e9pess\u00e9g\u00e9t. <\/p>\n<p> K\u00f6z\u00f6s teszt a mini-ment\u00e1lis \u00e1llapotvizsg\u00e1lat, amelyet az emberek n\u00e9ha az MMSE-re r\u00f6vid\u00edtenek. Inform\u00e1ci\u00f3t ny\u00fajt a megismer\u00e9s k\u00fcl\u00f6nf\u00e9le ter\u00fcleteir\u0151l, p\u00e9ld\u00e1ul az orient\u00e1ci\u00f3r\u00f3l, a regisztr\u00e1ci\u00f3r\u00f3l, a visszah\u00edv\u00e1sr\u00f3l, a nyelvr\u0151l \u00e9s a gyakorlatr\u00f3l. <\/p>\n<p> A szakaszok 1 -t\u0151l 7 -ig terjednek, amelyben a 7. szakasz a legs\u00falyosabb. Az orvos elv\u00e9gzi a tesztek kombin\u00e1ci\u00f3j\u00e1t az \u00e9rt\u00e9kel\u00e9s elv\u00e9gz\u00e9s\u00e9hez. <\/p>\n<p> A demenci\u00e1ban szenved\u0151 emberek kil\u00e1t\u00e1sai v\u00e1ltoz\u00f3ak. A diagnosztiz\u00e1l\u00e1skor \u00e9s a kezel\u00e9sre adott v\u00e1lasz k\u00e9t t\u00e9nyez\u0151, amelyek befoly\u00e1solj\u00e1k az \u00e1llapot el\u0151rehalad\u00e1s\u00e1t. <\/p>\n<h2> Demenci\u00e1val val\u00f3 \u00e9l\u00e9s a k\u00e9s\u0151bbi szakaszokban <\/h2>\n<p> A demenci\u00e1ban szenved\u0151 szem\u00e9lynek \u00e9rdemes bevonni a gondoz\u00e1ssal kapcsolatos d\u00f6nt\u00e9seket, miel\u0151tt nem tudj\u00e1k kommunik\u00e1lni k\u00edv\u00e1ns\u00e1gaikat. <\/p>\n<p> Ez a fejlett \u00e1pol\u00e1si tervez\u00e9s lehet\u0151s\u00e9get ad a demenci\u00e1ban szenved\u0151 szem\u00e9lyeknek, hogy kijelents\u00e9k, mit akarnak \u00e9s nem akarnak, p\u00e9ld\u00e1ul \u00e1pol\u00e1si otthonban \u00e9lnek, vagy otthon gondoz\u00e1st kapnak. <\/p>\n<p> A k\u00e9s\u0151i st\u00e1dium\u00fa demenci\u00e1val val\u00f3 \u00e9l\u00e9s gyakran kih\u00edv\u00e1st jelenthet az egy\u00e9nek \u00e9s gondoz\u00f3ik sz\u00e1m\u00e1ra. A t\u00fcnetek el\u0151rehaladt\u00e1val t\u00f6bb gondoskod\u00e1sra lesz sz\u00fcks\u00e9g. <\/p>\n<p> olyan strat\u00e9gi\u00e1k, amelyek seg\u00edthetnek a mem\u00f3ria, p\u00e9ld\u00e1ul a vizu\u00e1lis nyomok, a zene \u00e9s a jegyzetek kiv\u00e1lt\u00e1s\u00e1ra szolg\u00e1l\u00f3 technik\u00e1kkal. <\/p>\n<p> seg\u00edt\u0151 technol\u00f3giai eszk\u00f6z\u00f6k is rendelkez\u00e9sre \u00e1llnak, p\u00e9ld\u00e1ul kommunik\u00e1ci\u00f3s seg\u00e9deszk\u00f6z\u00f6k, automatikus kikapcsol\u00f3 eszk\u00f6z\u00f6k \u00e9s sz\u00e1m\u00edt\u00f3g\u00e9pes visszah\u00edv\u00e1si eszk\u00f6z\u00f6k. <\/p>\n<p> A gondoz\u00f3knak nyugodt \u00e9s biztons\u00e1gos k\u00f6rnyezetet kell l\u00e9trehozniuk. Alapvet\u0151 fontoss\u00e1g\u00fa a biztons\u00e1gi agg\u00e1lyok azonos\u00edt\u00e1sa \u00e9s kijav\u00edt\u00e1sa, p\u00e9ld\u00e1ul a kiold\u00f3 vesz\u00e9lyek elt\u00e1vol\u00edt\u00e1s\u00e1val \u00e9s m\u00e1s m\u00f3don annak biztos\u00edt\u00e1s\u00e1val, hogy a szob\u00e1k k\u00f6nnyen navig\u00e1ljanak. A <\/p>\n<p> gondoz\u00f3knak gondoskodniuk kell arr\u00f3l is, hogy az egy\u00e9n k\u00f6veti a gy\u00f3gyszeres kezel\u00e9si rendj\u00e9t, \u00e9s elegend\u0151 t\u00e1pl\u00e1lkoz\u00e1st kapjon. <\/p>\n<p> A k\u00e9s\u0151i st\u00e1dium\u00fa demencia szint\u00e9n neh\u00e9z id\u0151 lehet a gondoz\u00f3k sz\u00e1m\u00e1ra. Fontos, hogy egy er\u0151s t\u00e1mogat\u00e1si rendszer legyen, \u00e9s id\u0151t hagyjon az \u00fajrat\u00f6lt\u00e9sre. <\/p>\n<h3> Q: <\/h3>\n<p> Mi a demencia legs\u00falyosabb form\u00e1ja? <\/p>\n<h3> a: <\/h3>\n<p> A demenci\u00e1t\u00f3l f\u00fcggetlen\u00fcl mindegyik meglehet\u0151sen s\u00falyos lehet, \u00e9s megzavarhatja az \u00e9rintettek \u00e9let\u00e9t. <\/p>\n<p> A demencia nemcsak a diagn\u00f3zissal rendelkez\u0151 szem\u00e9lyt, hanem a szem\u00e9lyhez k\u00f6zeli szem\u00e9lyeket is mag\u00e1ban foglalja, p\u00e9ld\u00e1ul a h\u00e1zast\u00e1rs\u00e1t vagy a gyermekeit. A demencia diagnosztiz\u00e1l\u00e1sa gyakran \u00e9letm\u00f3dosul a csal\u00e1di egys\u00e9g sz\u00e1m\u00e1ra. <\/p>\n<p> Gyakorlati szempontb\u00f3l azt mondan\u00e1m, hogy a demencia legs\u00falyosabb form\u00e1ja az, amelyben az egy\u00e9nnek korl\u00e1tozott er\u0151forr\u00e1sai vannak, \u00e9s minim\u00e1lis vagy nem l\u00e9tez\u0151 t\u00e1mogat\u00e1si rendszerrel rendelkeznek. <\/p>\n<p> A v\u00e1laszok orvosi szak\u00e9rt\u0151ink v\u00e9lem\u00e9ny\u00e9t k\u00e9pviselik. Minden tartalom szigor\u00faan inform\u00e1ci\u00f3s, ez\u00e9rt nem szabad orvosi tan\u00e1csad\u00e1snak tekinteni. <\/p>\n<ul>\n<li> Alzheimer&#8217;s\/Dementia <\/li>\n<li> Neurol\u00f3gia\/idegtudom\u00e1ny <\/li>\n<li> Id\u0151sek\/\u00f6reged\u00e9s <\/li>\n<\/ul>\n<p> Az orvosi h\u00edrek ma szigor\u00fa beszerz\u00e9si ir\u00e1nyelveket tartalmaznak, \u00e9s csak a Peer- \u00e1ttekintett tanulm\u00e1nyok, tudom\u00e1nyos kutat\u00f3int\u00e9zm\u00e9nyek, orvosi foly\u00f3iratok \u00e9s t\u00e1rsul\u00e1sok. Ker\u00fclj\u00fck a tercier referenci\u00e1k haszn\u00e1lat\u00e1t. \u00d6sszekapcsoljuk az els\u0151dleges forr\u00e1sokat &#8211; bele\u00e9rtve a tanulm\u00e1nyokat, a tudom\u00e1nyos referenci\u00e1kat \u00e9s a statisztik\u00e1kat &#8211; az egyes cikkekben, \u00e9s felsoroljuk azokat a cikkek alj\u00e1n tal\u00e1lhat\u00f3 forr\u00e1sok szakaszban is. T\u00f6bbet megtudhat arr\u00f3l, hogyan biztos\u00edtjuk, hogy tartalmunk pontos \u00e9s aktu\u00e1lis legyen a <\/p>\n<p><!--> szerkeszt\u0151i politika elolvas\u00e1s\u00e1val.<\/p>\n","protected":false},"excerpt":{"rendered":"<p>Hogyan halad el\u0151re a demencia az id\u0151 m\u00fal\u00e1s\u00e1val? A demencia egy \u00e1ltal\u00e1nos kifejez\u00e9s, amely k\u00fcl\u00f6nf\u00e9le betegs\u00e9gekre vagy betegs\u00e9g\u00e1llapotokra utalhat. A<\/p>\n","protected":false},"author":1,"featured_media":0,"comment_status":"closed","ping_status":"open","sticky":false,"template":"","format":"standard","meta":{"footnotes":""},"categories":[1],"tags":[],"yoast_head":"<!-- This site is optimized with the Yoast SEO plugin v20.2.1 - https:\/\/yoast.com\/wordpress\/plugins\/seo\/ -->\n<title>Hogyan halad el\u0151re a demencia az id\u0151 m\u00fal\u00e1s\u00e1val? - Aishwarya Cottons<\/title>\n<meta name=\"robots\" content=\"index, follow, max-snippet:-1, max-image-preview:large, max-video-preview:-1\" \/>\n<link rel=\"canonical\" href=\"https:\/\/aishwaryacottons.com\/index.php\/2023\/03\/31\/hogyan-halad-elore-a-demencia-az-ido-mulasaval\/\" \/>\n<meta property=\"og:locale\" content=\"en_US\" \/>\n<meta property=\"og:type\" content=\"article\" \/>\n<meta property=\"og:title\" content=\"Hogyan halad el\u0151re a demencia az id\u0151 m\u00fal\u00e1s\u00e1val? - Aishwarya Cottons\" \/>\n<meta property=\"og:description\" content=\"Hogyan halad el\u0151re a demencia az id\u0151 m\u00fal\u00e1s\u00e1val? A demencia egy \u00e1ltal\u00e1nos kifejez\u00e9s, amely k\u00fcl\u00f6nf\u00e9le betegs\u00e9gekre vagy betegs\u00e9g\u00e1llapotokra utalhat. A\" \/>\n<meta property=\"og:url\" content=\"https:\/\/aishwaryacottons.com\/index.php\/2023\/03\/31\/hogyan-halad-elore-a-demencia-az-ido-mulasaval\/\" \/>\n<meta property=\"og:site_name\" content=\"Aishwarya Cottons\" \/>\n<meta property=\"article:published_time\" content=\"2023-03-31T16:25:25+00:00\" \/>\n<meta name=\"author\" content=\"Aishwaryacottons\" \/>\n<meta name=\"twitter:card\" content=\"summary_large_image\" \/>\n<meta name=\"twitter:label1\" content=\"Written by\" \/>\n\t<meta name=\"twitter:data1\" content=\"Aishwaryacottons\" \/>\n\t<meta name=\"twitter:label2\" content=\"Est. reading time\" \/>\n\t<meta name=\"twitter:data2\" content=\"13 minutes\" \/>\n<script type=\"application\/ld+json\" class=\"yoast-schema-graph\">{\"@context\":\"https:\/\/schema.org\",\"@graph\":[{\"@type\":\"WebPage\",\"@id\":\"https:\/\/aishwaryacottons.com\/index.php\/2023\/03\/31\/hogyan-halad-elore-a-demencia-az-ido-mulasaval\/\",\"url\":\"https:\/\/aishwaryacottons.com\/index.php\/2023\/03\/31\/hogyan-halad-elore-a-demencia-az-ido-mulasaval\/\",\"name\":\"Hogyan halad el\u0151re a demencia az id\u0151 m\u00fal\u00e1s\u00e1val? - Aishwarya Cottons\",\"isPartOf\":{\"@id\":\"https:\/\/aishwaryacottons.com\/#website\"},\"datePublished\":\"2023-03-31T16:25:25+00:00\",\"dateModified\":\"2023-03-31T16:25:25+00:00\",\"author\":{\"@id\":\"https:\/\/aishwaryacottons.com\/#\/schema\/person\/96c06dfbad4be013cfdb14ddb4ce5e4d\"},\"breadcrumb\":{\"@id\":\"https:\/\/aishwaryacottons.com\/index.php\/2023\/03\/31\/hogyan-halad-elore-a-demencia-az-ido-mulasaval\/#breadcrumb\"},\"inLanguage\":\"en-US\",\"potentialAction\":[{\"@type\":\"ReadAction\",\"target\":[\"https:\/\/aishwaryacottons.com\/index.php\/2023\/03\/31\/hogyan-halad-elore-a-demencia-az-ido-mulasaval\/\"]}]},{\"@type\":\"BreadcrumbList\",\"@id\":\"https:\/\/aishwaryacottons.com\/index.php\/2023\/03\/31\/hogyan-halad-elore-a-demencia-az-ido-mulasaval\/#breadcrumb\",\"itemListElement\":[{\"@type\":\"ListItem\",\"position\":1,\"name\":\"Home\",\"item\":\"https:\/\/aishwaryacottons.com\/\"},{\"@type\":\"ListItem\",\"position\":2,\"name\":\"Hogyan halad el\u0151re a demencia az id\u0151 m\u00fal\u00e1s\u00e1val?\"}]},{\"@type\":\"WebSite\",\"@id\":\"https:\/\/aishwaryacottons.com\/#website\",\"url\":\"https:\/\/aishwaryacottons.com\/\",\"name\":\"Aishwarya Cottons\",\"description\":\"\",\"potentialAction\":[{\"@type\":\"SearchAction\",\"target\":{\"@type\":\"EntryPoint\",\"urlTemplate\":\"https:\/\/aishwaryacottons.com\/?s={search_term_string}\"},\"query-input\":\"required name=search_term_string\"}],\"inLanguage\":\"en-US\"},{\"@type\":\"Person\",\"@id\":\"https:\/\/aishwaryacottons.com\/#\/schema\/person\/96c06dfbad4be013cfdb14ddb4ce5e4d\",\"name\":\"Aishwaryacottons\",\"image\":{\"@type\":\"ImageObject\",\"inLanguage\":\"en-US\",\"@id\":\"https:\/\/aishwaryacottons.com\/#\/schema\/person\/image\/\",\"url\":\"https:\/\/secure.gravatar.com\/avatar\/9d28c2581bdae886cf931d89501b4796?s=96&d=mm&r=g\",\"contentUrl\":\"https:\/\/secure.gravatar.com\/avatar\/9d28c2581bdae886cf931d89501b4796?s=96&d=mm&r=g\",\"caption\":\"Aishwaryacottons\"},\"sameAs\":[\"http:\/\/aishwaryacottons.com\"],\"url\":\"https:\/\/aishwaryacottons.com\/index.php\/author\/aishwaryacottons\/\"}]}<\/script>\n<!-- \/ Yoast SEO plugin. -->","yoast_head_json":{"title":"Hogyan halad el\u0151re a demencia az id\u0151 m\u00fal\u00e1s\u00e1val? - Aishwarya Cottons","robots":{"index":"index","follow":"follow","max-snippet":"max-snippet:-1","max-image-preview":"max-image-preview:large","max-video-preview":"max-video-preview:-1"},"canonical":"https:\/\/aishwaryacottons.com\/index.php\/2023\/03\/31\/hogyan-halad-elore-a-demencia-az-ido-mulasaval\/","og_locale":"en_US","og_type":"article","og_title":"Hogyan halad el\u0151re a demencia az id\u0151 m\u00fal\u00e1s\u00e1val? - Aishwarya Cottons","og_description":"Hogyan halad el\u0151re a demencia az id\u0151 m\u00fal\u00e1s\u00e1val? A demencia egy \u00e1ltal\u00e1nos kifejez\u00e9s, amely k\u00fcl\u00f6nf\u00e9le betegs\u00e9gekre vagy betegs\u00e9g\u00e1llapotokra utalhat. A","og_url":"https:\/\/aishwaryacottons.com\/index.php\/2023\/03\/31\/hogyan-halad-elore-a-demencia-az-ido-mulasaval\/","og_site_name":"Aishwarya Cottons","article_published_time":"2023-03-31T16:25:25+00:00","author":"Aishwaryacottons","twitter_card":"summary_large_image","twitter_misc":{"Written by":"Aishwaryacottons","Est. reading time":"13 minutes"},"schema":{"@context":"https:\/\/schema.org","@graph":[{"@type":"WebPage","@id":"https:\/\/aishwaryacottons.com\/index.php\/2023\/03\/31\/hogyan-halad-elore-a-demencia-az-ido-mulasaval\/","url":"https:\/\/aishwaryacottons.com\/index.php\/2023\/03\/31\/hogyan-halad-elore-a-demencia-az-ido-mulasaval\/","name":"Hogyan halad el\u0151re a demencia az id\u0151 m\u00fal\u00e1s\u00e1val? - Aishwarya Cottons","isPartOf":{"@id":"https:\/\/aishwaryacottons.com\/#website"},"datePublished":"2023-03-31T16:25:25+00:00","dateModified":"2023-03-31T16:25:25+00:00","author":{"@id":"https:\/\/aishwaryacottons.com\/#\/schema\/person\/96c06dfbad4be013cfdb14ddb4ce5e4d"},"breadcrumb":{"@id":"https:\/\/aishwaryacottons.com\/index.php\/2023\/03\/31\/hogyan-halad-elore-a-demencia-az-ido-mulasaval\/#breadcrumb"},"inLanguage":"en-US","potentialAction":[{"@type":"ReadAction","target":["https:\/\/aishwaryacottons.com\/index.php\/2023\/03\/31\/hogyan-halad-elore-a-demencia-az-ido-mulasaval\/"]}]},{"@type":"BreadcrumbList","@id":"https:\/\/aishwaryacottons.com\/index.php\/2023\/03\/31\/hogyan-halad-elore-a-demencia-az-ido-mulasaval\/#breadcrumb","itemListElement":[{"@type":"ListItem","position":1,"name":"Home","item":"https:\/\/aishwaryacottons.com\/"},{"@type":"ListItem","position":2,"name":"Hogyan halad el\u0151re a demencia az id\u0151 m\u00fal\u00e1s\u00e1val?"}]},{"@type":"WebSite","@id":"https:\/\/aishwaryacottons.com\/#website","url":"https:\/\/aishwaryacottons.com\/","name":"Aishwarya Cottons","description":"","potentialAction":[{"@type":"SearchAction","target":{"@type":"EntryPoint","urlTemplate":"https:\/\/aishwaryacottons.com\/?s={search_term_string}"},"query-input":"required name=search_term_string"}],"inLanguage":"en-US"},{"@type":"Person","@id":"https:\/\/aishwaryacottons.com\/#\/schema\/person\/96c06dfbad4be013cfdb14ddb4ce5e4d","name":"Aishwaryacottons","image":{"@type":"ImageObject","inLanguage":"en-US","@id":"https:\/\/aishwaryacottons.com\/#\/schema\/person\/image\/","url":"https:\/\/secure.gravatar.com\/avatar\/9d28c2581bdae886cf931d89501b4796?s=96&d=mm&r=g","contentUrl":"https:\/\/secure.gravatar.com\/avatar\/9d28c2581bdae886cf931d89501b4796?s=96&d=mm&r=g","caption":"Aishwaryacottons"},"sameAs":["http:\/\/aishwaryacottons.com"],"url":"https:\/\/aishwaryacottons.com\/index.php\/author\/aishwaryacottons\/"}]}},"_links":{"self":[{"href":"https:\/\/aishwaryacottons.com\/index.php\/wp-json\/wp\/v2\/posts\/12067"}],"collection":[{"href":"https:\/\/aishwaryacottons.com\/index.php\/wp-json\/wp\/v2\/posts"}],"about":[{"href":"https:\/\/aishwaryacottons.com\/index.php\/wp-json\/wp\/v2\/types\/post"}],"author":[{"embeddable":true,"href":"https:\/\/aishwaryacottons.com\/index.php\/wp-json\/wp\/v2\/users\/1"}],"replies":[{"embeddable":true,"href":"https:\/\/aishwaryacottons.com\/index.php\/wp-json\/wp\/v2\/comments?post=12067"}],"version-history":[{"count":1,"href":"https:\/\/aishwaryacottons.com\/index.php\/wp-json\/wp\/v2\/posts\/12067\/revisions"}],"predecessor-version":[{"id":12068,"href":"https:\/\/aishwaryacottons.com\/index.php\/wp-json\/wp\/v2\/posts\/12067\/revisions\/12068"}],"wp:attachment":[{"href":"https:\/\/aishwaryacottons.com\/index.php\/wp-json\/wp\/v2\/media?parent=12067"}],"wp:term":[{"taxonomy":"category","embeddable":true,"href":"https:\/\/aishwaryacottons.com\/index.php\/wp-json\/wp\/v2\/categories?post=12067"},{"taxonomy":"post_tag","embeddable":true,"href":"https:\/\/aishwaryacottons.com\/index.php\/wp-json\/wp\/v2\/tags?post=12067"}],"curies":[{"name":"wp","href":"https:\/\/api.w.org\/{rel}","templated":true}]}}